{"id":4678,"date":"2024-10-30T12:03:50","date_gmt":"2024-10-30T11:03:50","guid":{"rendered":"https:\/\/www.mamadouetbineta.org\/?p=4678"},"modified":"2024-10-30T12:06:19","modified_gmt":"2024-10-30T11:06:19","slug":"die-schule-beginnt","status":"publish","type":"post","link":"https:\/\/www.mamadouetbineta.org\/fr\/2024\/10\/30\/die-schule-beginnt\/","title":{"rendered":"L&rsquo;\u00e9cole commence"},"content":{"rendered":"\n<p>En octobre, nous avons fait nos adieux aux enfants qui, apr\u00e8s 10 \u00e0 12 mois intenses dans notre centre, ont retrouv\u00e9 leurs familles et commenc\u00e9 leur parcours scolaire. Malgr\u00e9 le d\u00e9part, les enfants rayonnent de joie, car ils ont d\u00e9velopp\u00e9 force et confiance en eux au cours des derniers mois et se r\u00e9jouissent de commencer l&rsquo;\u00e9cole. Nous sommes fiers d&rsquo;eux et continuerons \u00e0 les accompagner sur leur chemin. Ces derniers mois ont permis de bien pr\u00e9parer les \u00e9ducateurs et enseignants pour que les enfants puissent r\u00e9int\u00e9grer un environnement familial s\u00fbr et bienveillant et s\u2019int\u00e9grer pleinement dans la vie scolaire. En collaboration avec les autorit\u00e9s locales de protection de l&rsquo;enfance, nous accompagnons cette transition et continuons de soutenir les familles dans l&rsquo;int\u00e9gration et le suivi des enfants.<\/p>\n\n\n\n<figure class=\"wp-block-gallery has-nested-images columns-default is-cropped wp-block-gallery-1 is-layout-flex wp-block-gallery-is-layout-flex\">\n<figure class=\"wp-block-image size-large\"><img loading=\"lazy\" decoding=\"async\" width=\"1024\" height=\"768\" data-id=\"4691\" src=\"https:\/\/www.mamadouetbineta.org\/wp-content\/uploads\/2024\/10\/Wiedereingliederung_10-2024_2-2.jpg\" alt=\"\" class=\"wp-image-4691\" srcset=\"https:\/\/www.mamadouetbineta.org\/wp-content\/uploads\/2024\/10\/Wiedereingliederung_10-2024_2-2.jpg 1024w, https:\/\/www.mamadouetbineta.org\/wp-content\/uploads\/2024\/10\/Wiedereingliederung_10-2024_2-2-300x225.jpg 300w, https:\/\/www.mamadouetbineta.org\/wp-content\/uploads\/2024\/10\/Wiedereingliederung_10-2024_2-2-768x576.jpg 768w\" sizes=\"auto, (max-width: 1024px) 100vw, 1024px\" \/><\/figure>\n\n\n\n<figure class=\"wp-block-image size-large\"><img loading=\"lazy\" decoding=\"async\" width=\"768\" height=\"1024\" data-id=\"4690\" src=\"https:\/\/www.mamadouetbineta.org\/wp-content\/uploads\/2024\/10\/Wiedereingliederung_10-2024_5-1.jpg\" alt=\"\" class=\"wp-image-4690\" srcset=\"https:\/\/www.mamadouetbineta.org\/wp-content\/uploads\/2024\/10\/Wiedereingliederung_10-2024_5-1.jpg 768w, https:\/\/www.mamadouetbineta.org\/wp-content\/uploads\/2024\/10\/Wiedereingliederung_10-2024_5-1-225x300.jpg 225w\" sizes=\"auto, (max-width: 768px) 100vw, 768px\" \/><\/figure>\n\n\n\n<figure class=\"wp-block-image size-large\"><img loading=\"lazy\" decoding=\"async\" width=\"768\" height=\"1024\" data-id=\"4694\" src=\"https:\/\/www.mamadouetbineta.org\/wp-content\/uploads\/2024\/10\/Wiedereingliederung_10-2024_7-1.jpg\" alt=\"\" class=\"wp-image-4694\" srcset=\"https:\/\/www.mamadouetbineta.org\/wp-content\/uploads\/2024\/10\/Wiedereingliederung_10-2024_7-1.jpg 768w, https:\/\/www.mamadouetbineta.org\/wp-content\/uploads\/2024\/10\/Wiedereingliederung_10-2024_7-1-225x300.jpg 225w\" sizes=\"auto, (max-width: 768px) 100vw, 768px\" \/><\/figure>\n\n\n\n<figure class=\"wp-block-image size-large\"><img loading=\"lazy\" decoding=\"async\" width=\"768\" height=\"1024\" data-id=\"4695\" src=\"https:\/\/www.mamadouetbineta.org\/wp-content\/uploads\/2024\/10\/Wiedereingliederung_10-2024_8-1.jpg\" alt=\"\" class=\"wp-image-4695\" srcset=\"https:\/\/www.mamadouetbineta.org\/wp-content\/uploads\/2024\/10\/Wiedereingliederung_10-2024_8-1.jpg 768w, https:\/\/www.mamadouetbineta.org\/wp-content\/uploads\/2024\/10\/Wiedereingliederung_10-2024_8-1-225x300.jpg 225w\" sizes=\"auto, (max-width: 768px) 100vw, 768px\" \/><\/figure>\n\n\n\n<figure class=\"wp-block-image size-large\"><img loading=\"lazy\" decoding=\"async\" width=\"768\" height=\"1024\" data-id=\"4693\" src=\"https:\/\/www.mamadouetbineta.org\/wp-content\/uploads\/2024\/10\/Wiedereingliederung_10-2024_6-1.jpg\" alt=\"\" class=\"wp-image-4693\" srcset=\"https:\/\/www.mamadouetbineta.org\/wp-content\/uploads\/2024\/10\/Wiedereingliederung_10-2024_6-1.jpg 768w, https:\/\/www.mamadouetbineta.org\/wp-content\/uploads\/2024\/10\/Wiedereingliederung_10-2024_6-1-225x300.jpg 225w\" sizes=\"auto, (max-width: 768px) 100vw, 768px\" \/><\/figure>\n\n\n\n<figure class=\"wp-block-image size-large\"><img loading=\"lazy\" decoding=\"async\" width=\"768\" height=\"1024\" data-id=\"4692\" src=\"https:\/\/www.mamadouetbineta.org\/wp-content\/uploads\/2024\/10\/Wiedereingliederung_10-2024_10-1.jpg\" alt=\"\" class=\"wp-image-4692\" srcset=\"https:\/\/www.mamadouetbineta.org\/wp-content\/uploads\/2024\/10\/Wiedereingliederung_10-2024_10-1.jpg 768w, https:\/\/www.mamadouetbineta.org\/wp-content\/uploads\/2024\/10\/Wiedereingliederung_10-2024_10-1-225x300.jpg 225w\" sizes=\"auto, (max-width: 768px) 100vw, 768px\" \/><\/figure>\n\n\n\n<figure class=\"wp-block-image size-large\"><img loading=\"lazy\" decoding=\"async\" width=\"1024\" height=\"768\" data-id=\"4696\" src=\"https:\/\/www.mamadouetbineta.org\/wp-content\/uploads\/2024\/10\/Wiedereingliederung_10-2024_11-1.jpg\" alt=\"\" class=\"wp-image-4696\" srcset=\"https:\/\/www.mamadouetbineta.org\/wp-content\/uploads\/2024\/10\/Wiedereingliederung_10-2024_11-1.jpg 1024w, https:\/\/www.mamadouetbineta.org\/wp-content\/uploads\/2024\/10\/Wiedereingliederung_10-2024_11-1-300x225.jpg 300w, https:\/\/www.mamadouetbineta.org\/wp-content\/uploads\/2024\/10\/Wiedereingliederung_10-2024_11-1-768x576.jpg 768w\" sizes=\"auto, (max-width: 1024px) 100vw, 1024px\" \/><\/figure>\n\n\n\n<figure class=\"wp-block-image size-large\"><img loading=\"lazy\" decoding=\"async\" width=\"1024\" height=\"768\" data-id=\"4697\" src=\"https:\/\/www.mamadouetbineta.org\/wp-content\/uploads\/2024\/10\/Wiedereingliederung_10-2024_12-1.jpg\" alt=\"\" class=\"wp-image-4697\" srcset=\"https:\/\/www.mamadouetbineta.org\/wp-content\/uploads\/2024\/10\/Wiedereingliederung_10-2024_12-1.jpg 1024w, https:\/\/www.mamadouetbineta.org\/wp-content\/uploads\/2024\/10\/Wiedereingliederung_10-2024_12-1-300x225.jpg 300w, https:\/\/www.mamadouetbineta.org\/wp-content\/uploads\/2024\/10\/Wiedereingliederung_10-2024_12-1-768x576.jpg 768w\" sizes=\"auto, (max-width: 1024px) 100vw, 1024px\" \/><\/figure>\n\n\n\n<figure class=\"wp-block-image size-large\"><img loading=\"lazy\" decoding=\"async\" width=\"1024\" height=\"768\" data-id=\"4698\" src=\"https:\/\/www.mamadouetbineta.org\/wp-content\/uploads\/2024\/10\/Wiedereingliederung_10-2024_14-1.jpg\" alt=\"\" class=\"wp-image-4698\" srcset=\"https:\/\/www.mamadouetbineta.org\/wp-content\/uploads\/2024\/10\/Wiedereingliederung_10-2024_14-1.jpg 1024w, https:\/\/www.mamadouetbineta.org\/wp-content\/uploads\/2024\/10\/Wiedereingliederung_10-2024_14-1-300x225.jpg 300w, https:\/\/www.mamadouetbineta.org\/wp-content\/uploads\/2024\/10\/Wiedereingliederung_10-2024_14-1-768x576.jpg 768w\" sizes=\"auto, (max-width: 1024px) 100vw, 1024px\" \/><\/figure>\n<\/figure>\n","protected":false},"excerpt":{"rendered":"<p>En octobre, nous avons fait nos adieux aux enfants qui, apr\u00e8s 10 \u00e0 12 mois intenses dans notre centre, ont retrouv\u00e9 leurs familles et commenc\u00e9 leur parcours scolaire. Malgr\u00e9 le d\u00e9part, les enfants rayonnent de joie, car ils ont d\u00e9velopp\u00e9 force et confiance en eux au cours des derniers mois et se r\u00e9jouissent de commencer l&rsquo;\u00e9cole. Nous sommes fiers d&rsquo;eux et continuerons \u00e0 les accompagner sur leur chemin. Ces derniers mois ont permis de bien pr\u00e9parer les \u00e9ducateurs et enseignants pour que les enfants puissent r\u00e9int\u00e9grer un environnement familial s\u00fbr et bienveillant et s\u2019int\u00e9grer pleinement dans la vie scolaire. En&#8230; <\/p>\n","protected":false},"author":1,"featured_media":4686,"comment_status":"closed","ping_status":"closed","sticky":false,"template":"","format":"standard","meta":{"_uag_custom_page_level_css":"","ngg_post_thumbnail":0,"footnotes":""},"categories":[5],"tags":[37,40,44,75,36,38],"class_list":["post-4678","post","type-post","status-publish","format-standard","has-post-thumbnail","hentry","category-neuigkeiten","tag-formation","tag-guinea","tag-guinee","tag-kinderschutz","tag-mamadouetbineta","tag-protection"],"translation":{"provider":"WPGlobus","version":"3.0.2","language":"fr","enabled_languages":["de","fr","en"],"languages":{"de":{"title":true,"content":true,"excerpt":false},"fr":{"title":true,"content":true,"excerpt":false},"en":{"title":true,"content":true,"excerpt":false}}},"uagb_featured_image_src":{"full":["https:\/\/www.mamadouetbineta.org\/wp-content\/uploads\/2024\/10\/Wiedereingliederung_10-2024_11.jpg",1024,768,false],"thumbnail":["https:\/\/www.mamadouetbineta.org\/wp-content\/uploads\/2024\/10\/Wiedereingliederung_10-2024_11-150x100.jpg",150,100,true],"medium":["https:\/\/www.mamadouetbineta.org\/wp-content\/uploads\/2024\/10\/Wiedereingliederung_10-2024_11-300x225.jpg",300,225,true],"medium_large":["https:\/\/www.mamadouetbineta.org\/wp-content\/uploads\/2024\/10\/Wiedereingliederung_10-2024_11-768x576.jpg",768,576,true],"large":["https:\/\/www.mamadouetbineta.org\/wp-content\/uploads\/2024\/10\/Wiedereingliederung_10-2024_11.jpg",1024,768,false],"1536x1536":["https:\/\/www.mamadouetbineta.org\/wp-content\/uploads\/2024\/10\/Wiedereingliederung_10-2024_11.jpg",1024,768,false],"2048x2048":["https:\/\/www.mamadouetbineta.org\/wp-content\/uploads\/2024\/10\/Wiedereingliederung_10-2024_11.jpg",1024,768,false],"homepage-thumb":["https:\/\/www.mamadouetbineta.org\/wp-content\/uploads\/2024\/10\/Wiedereingliederung_10-2024_11-240x145.jpg",240,145,true]},"uagb_author_info":{"display_name":"mamadou","author_link":"https:\/\/www.mamadouetbineta.org\/fr\/author\/mamadou\/"},"uagb_comment_info":0,"uagb_excerpt":"En octobre, nous avons fait nos adieux aux enfants qui, apr\u00e8s 10 \u00e0 12 mois intenses dans notre centre, ont retrouv\u00e9 leurs familles et commenc\u00e9 leur parcours scolaire. Malgr\u00e9 le d\u00e9part, les enfants rayonnent de joie, car ils ont d\u00e9velopp\u00e9 force et confiance en eux au cours des derniers mois et se r\u00e9jouissent de commencer\u2026","_links":{"self":[{"href":"https:\/\/www.mamadouetbineta.org\/fr\/wp-json\/wp\/v2\/posts\/4678","targetHints":{"allow":["GET"]}}],"collection":[{"href":"https:\/\/www.mamadouetbineta.org\/fr\/wp-json\/wp\/v2\/posts"}],"about":[{"href":"https:\/\/www.mamadouetbineta.org\/fr\/wp-json\/wp\/v2\/types\/post"}],"author":[{"embeddable":true,"href":"https:\/\/www.mamadouetbineta.org\/fr\/wp-json\/wp\/v2\/users\/1"}],"replies":[{"embeddable":true,"href":"https:\/\/www.mamadouetbineta.org\/fr\/wp-json\/wp\/v2\/comments?post=4678"}],"version-history":[{"count":3,"href":"https:\/\/www.mamadouetbineta.org\/fr\/wp-json\/wp\/v2\/posts\/4678\/revisions"}],"predecessor-version":[{"id":4710,"href":"https:\/\/www.mamadouetbineta.org\/fr\/wp-json\/wp\/v2\/posts\/4678\/revisions\/4710"}],"wp:featuredmedia":[{"embeddable":true,"href":"https:\/\/www.mamadouetbineta.org\/fr\/wp-json\/wp\/v2\/media\/4686"}],"wp:attachment":[{"href":"https:\/\/www.mamadouetbineta.org\/fr\/wp-json\/wp\/v2\/media?parent=4678"}],"wp:term":[{"taxonomy":"category","embeddable":true,"href":"https:\/\/www.mamadouetbineta.org\/fr\/wp-json\/wp\/v2\/categories?post=4678"},{"taxonomy":"post_tag","embeddable":true,"href":"https:\/\/www.mamadouetbineta.org\/fr\/wp-json\/wp\/v2\/tags?post=4678"}],"curies":[{"name":"wp","href":"https:\/\/api.w.org\/{rel}","templated":true}]}}