{"id":4101,"date":"2023-02-16T10:52:54","date_gmt":"2023-02-16T09:52:54","guid":{"rendered":"https:\/\/www.mamadouetbineta.org\/?p=4101"},"modified":"2023-02-16T10:59:29","modified_gmt":"2023-02-16T09:59:29","slug":"hawa-what-do-you-wish-for-the-children","status":"publish","type":"post","link":"https:\/\/www.mamadouetbineta.org\/fr\/2023\/02\/16\/hawa-what-do-you-wish-for-the-children\/","title":{"rendered":"Hawa, que souhaites-tu pour les enfants ?"},"content":{"rendered":"\n<p>Hawa Camara, educatrice au centre d\u2019accueil&nbsp;de Mamadou &amp; Bineta \u00e0 Mangueta<\/p>\n\n\n\n<p><strong>Quelle est ta fonction ? <\/strong>Je travaille ici comme \u00e9ducatrice. J\u2019aime travailler ici, parce que MB aide<br>des enfants en difficult\u00e9 et parce que je suis pr\u00eate \u00e0 intervenir partout o\u00f9 il y a des enfants n\u00e9cessiteux<br>car je suis une maman, j\u2019aime beaucoup les enfants, les soutenir et m\u2019en occuper.<br><br><strong>Comment te sens-tu dans l\u2019\u00e9quipe de MB ?<\/strong> Je me sens \u00e9cout\u00e9e et appr\u00e9ci\u00e9e par mes sup\u00e9rieurs.<br>J\u2019ai confiance en mes coll\u00e8gues et les membres de mon \u00e9quipe. J\u2019aime travailler ensemble avec<br>mon \u00e9quipe. La coordination et les sup\u00e9rieurs me t\u00e9moignent un int\u00e9r\u00eat sinc\u00e8re. Je suis fi\u00e8re de<br>travailler ici.<br><br><strong>Que souhaites-tu pour les enfants qui arrivent chez MB ? <\/strong>: Je souhaite qu\u2019ils puissent recevoir<br>une bonne \u00e9ducation, qu\u2019ils ne vivent plus dans la peur, qu\u2019ils soient prot\u00e9g\u00e9s et puissent grandir<br>en paix.<br><br><strong>Qu\u2019aimes-tu faire en-dehors de MB ? <\/strong>J\u2019aime bien aider les autres, c\u2019est-\u00e0-dire, je m\u2018occupe de<br>patients.<br><br><strong>Mes points forts : <\/strong>mon adaptabilit\u00e9<\/p>\n","protected":false},"excerpt":{"rendered":"<p>Hawa Camara, educatrice au centre d\u2019accueil&nbsp;de Mamadou &amp; Bineta \u00e0 Mangueta Quelle est ta fonction ? Je travaille ici comme \u00e9ducatrice. J\u2019aime travailler ici, parce que MB aidedes enfants en difficult\u00e9 et parce que je suis pr\u00eate \u00e0 intervenir partout o\u00f9 il y a des enfants n\u00e9cessiteuxcar je suis une maman, j\u2019aime beaucoup les enfants, les soutenir et m\u2019en occuper. Comment te sens-tu dans l\u2019\u00e9quipe de MB ? Je me sens \u00e9cout\u00e9e et appr\u00e9ci\u00e9e par mes sup\u00e9rieurs.J\u2019ai confiance en mes coll\u00e8gues et les membres de mon \u00e9quipe. J\u2019aime travailler ensemble avecmon \u00e9quipe. La coordination et les sup\u00e9rieurs me t\u00e9moignent un&#8230; <\/p>\n","protected":false},"author":1,"featured_media":3857,"comment_status":"closed","ping_status":"closed","sticky":false,"template":"","format":"standard","meta":{"_uag_custom_page_level_css":"","ngg_post_thumbnail":0,"footnotes":""},"categories":[5],"tags":[39,35,37,40,44,36,38,34],"class_list":["post-4101","post","type-post","status-publish","format-standard","has-post-thumbnail","hentry","category-neuigkeiten","tag-education","tag-equipe","tag-formation","tag-guinea","tag-guinee","tag-mamadouetbineta","tag-protection","tag-team"],"translation":{"provider":"WPGlobus","version":"3.0.2","language":"fr","enabled_languages":["de","fr","en"],"languages":{"de":{"title":true,"content":true,"excerpt":false},"fr":{"title":true,"content":true,"excerpt":false},"en":{"title":true,"content":true,"excerpt":false}}},"uagb_featured_image_src":{"full":["https:\/\/www.mamadouetbineta.org\/wp-content\/uploads\/2022\/12\/Hawa-Camara_10-2022.jpg",780,1040,false],"thumbnail":["https:\/\/www.mamadouetbineta.org\/wp-content\/uploads\/2022\/12\/Hawa-Camara_10-2022-150x100.jpg",150,100,true],"medium":["https:\/\/www.mamadouetbineta.org\/wp-content\/uploads\/2022\/12\/Hawa-Camara_10-2022-225x300.jpg",225,300,true],"medium_large":["https:\/\/www.mamadouetbineta.org\/wp-content\/uploads\/2022\/12\/Hawa-Camara_10-2022-768x1024.jpg",768,1024,true],"large":["https:\/\/www.mamadouetbineta.org\/wp-content\/uploads\/2022\/12\/Hawa-Camara_10-2022-768x1024.jpg",768,1024,true],"1536x1536":["https:\/\/www.mamadouetbineta.org\/wp-content\/uploads\/2022\/12\/Hawa-Camara_10-2022.jpg",780,1040,false],"2048x2048":["https:\/\/www.mamadouetbineta.org\/wp-content\/uploads\/2022\/12\/Hawa-Camara_10-2022.jpg",780,1040,false],"homepage-thumb":["https:\/\/www.mamadouetbineta.org\/wp-content\/uploads\/2022\/12\/Hawa-Camara_10-2022-240x145.jpg",240,145,true]},"uagb_author_info":{"display_name":"mamadou","author_link":"https:\/\/www.mamadouetbineta.org\/fr\/author\/mamadou\/"},"uagb_comment_info":0,"uagb_excerpt":"Hawa Camara, educatrice au centre d\u2019accueil&nbsp;de Mamadou &amp; Bineta \u00e0 Mangueta Quelle est ta fonction ? Je travaille ici comme \u00e9ducatrice. J\u2019aime travailler ici, parce que MB aidedes enfants en difficult\u00e9 et parce que je suis pr\u00eate \u00e0 intervenir partout o\u00f9 il y a des enfants n\u00e9cessiteuxcar je suis une maman, j\u2019aime beaucoup les enfants,\u2026","_links":{"self":[{"href":"https:\/\/www.mamadouetbineta.org\/fr\/wp-json\/wp\/v2\/posts\/4101","targetHints":{"allow":["GET"]}}],"collection":[{"href":"https:\/\/www.mamadouetbineta.org\/fr\/wp-json\/wp\/v2\/posts"}],"about":[{"href":"https:\/\/www.mamadouetbineta.org\/fr\/wp-json\/wp\/v2\/types\/post"}],"author":[{"embeddable":true,"href":"https:\/\/www.mamadouetbineta.org\/fr\/wp-json\/wp\/v2\/users\/1"}],"replies":[{"embeddable":true,"href":"https:\/\/www.mamadouetbineta.org\/fr\/wp-json\/wp\/v2\/comments?post=4101"}],"version-history":[{"count":8,"href":"https:\/\/www.mamadouetbineta.org\/fr\/wp-json\/wp\/v2\/posts\/4101\/revisions"}],"predecessor-version":[{"id":4112,"href":"https:\/\/www.mamadouetbineta.org\/fr\/wp-json\/wp\/v2\/posts\/4101\/revisions\/4112"}],"wp:featuredmedia":[{"embeddable":true,"href":"https:\/\/www.mamadouetbineta.org\/fr\/wp-json\/wp\/v2\/media\/3857"}],"wp:attachment":[{"href":"https:\/\/www.mamadouetbineta.org\/fr\/wp-json\/wp\/v2\/media?parent=4101"}],"wp:term":[{"taxonomy":"category","embeddable":true,"href":"https:\/\/www.mamadouetbineta.org\/fr\/wp-json\/wp\/v2\/categories?post=4101"},{"taxonomy":"post_tag","embeddable":true,"href":"https:\/\/www.mamadouetbineta.org\/fr\/wp-json\/wp\/v2\/tags?post=4101"}],"curies":[{"name":"wp","href":"https:\/\/api.w.org\/{rel}","templated":true}]}}