{"id":2706,"date":"2022-10-05T13:36:46","date_gmt":"2022-10-05T12:36:46","guid":{"rendered":"https:\/\/www.mamadouetbineta.org\/?p=2706"},"modified":"2022-12-15T11:15:43","modified_gmt":"2022-12-15T10:15:43","slug":"mohamed-warum-arbeitest-du-gerne-fuer-mamadou-bineta","status":"publish","type":"post","link":"https:\/\/www.mamadouetbineta.org\/fr\/2022\/10\/05\/mohamed-warum-arbeitest-du-gerne-fuer-mamadou-bineta\/","title":{"rendered":"Mohamed, quelle est ta fonction ?"},"content":{"rendered":"\n<p>Mohamed Camara, responsable centre d\u2018acceuil et atelier de couture<\/p>\n\n\n\n<p>Apr\u00e8s mes \u00e9tudes sup\u00e9rieures, Mamadou &amp; Bineta a \u00e9t\u00e9 la premi\u00e8re institution ou j\u2018ai commenc\u00e9 ma vie professionnelle en mati\u00e8re administrative (comptabilit\u00e9). <\/p>\n\n\n\n<p>Le travail dans cette institution m\u2019as permis d\u2019acqu\u00e9rir beaucoup d\u2018exp\u00e9rience sur la vie professionnelle, sur la notion de protection de l\u2018enfance et surtout sur la r\u00e9alit\u00e9 que vivent les enfants vuln\u00e9rables. <\/p>\n\n\n\n<p>Avec le temps on m\u2019a transmis plus de responsabilit\u00e9s : le suivi de l\u2018atelier de couture, le four \u00e0 pain et l\u2018assistance du charg\u00e9 de protection de l\u2018enfance dans toutes ses activit\u00e9s. Je suis fier de faire partie de l\u2018\u00e9quipe de Mamadou &amp; Bineta.<\/p>\n","protected":false},"excerpt":{"rendered":"<p>Mohamed Camara, responsable centre d\u2018acceuil et atelier de couture Apr\u00e8s mes \u00e9tudes sup\u00e9rieures, Mamadou &amp; Bineta a \u00e9t\u00e9 la premi\u00e8re institution ou j\u2018ai commenc\u00e9 ma vie professionnelle en mati\u00e8re administrative (comptabilit\u00e9). Le travail dans cette institution m\u2019as permis d\u2019acqu\u00e9rir beaucoup d\u2018exp\u00e9rience sur la vie professionnelle, sur la notion de protection de l\u2018enfance et surtout sur la r\u00e9alit\u00e9 que vivent les enfants vuln\u00e9rables. Avec le temps on m\u2019a transmis plus de responsabilit\u00e9s : le suivi de l\u2018atelier de couture, le four \u00e0 pain et l\u2018assistance du charg\u00e9 de protection de l\u2018enfance dans toutes ses activit\u00e9s. Je suis fier de faire partie&#8230; <\/p>\n","protected":false},"author":1,"featured_media":2724,"comment_status":"closed","ping_status":"closed","sticky":false,"template":"","format":"standard","meta":{"_uag_custom_page_level_css":"","ngg_post_thumbnail":0,"footnotes":""},"categories":[5],"tags":[39,35,37,40,44,36,38,34],"class_list":["post-2706","post","type-post","status-publish","format-standard","has-post-thumbnail","hentry","category-neuigkeiten","tag-education","tag-equipe","tag-formation","tag-guinea","tag-guinee","tag-mamadouetbineta","tag-protection","tag-team"],"translation":{"provider":"WPGlobus","version":"3.0.2","language":"fr","enabled_languages":["de","fr","en"],"languages":{"de":{"title":true,"content":true,"excerpt":false},"fr":{"title":true,"content":true,"excerpt":false},"en":{"title":true,"content":true,"excerpt":false}}},"uagb_featured_image_src":{"full":["https:\/\/www.mamadouetbineta.org\/wp-content\/uploads\/2022\/10\/Mohamed-Camara.jpg",378,302,false],"thumbnail":["https:\/\/www.mamadouetbineta.org\/wp-content\/uploads\/2022\/10\/Mohamed-Camara-150x100.jpg",150,100,true],"medium":["https:\/\/www.mamadouetbineta.org\/wp-content\/uploads\/2022\/10\/Mohamed-Camara-300x240.jpg",300,240,true],"medium_large":["https:\/\/www.mamadouetbineta.org\/wp-content\/uploads\/2022\/10\/Mohamed-Camara.jpg",378,302,false],"large":["https:\/\/www.mamadouetbineta.org\/wp-content\/uploads\/2022\/10\/Mohamed-Camara.jpg",378,302,false],"1536x1536":["https:\/\/www.mamadouetbineta.org\/wp-content\/uploads\/2022\/10\/Mohamed-Camara.jpg",378,302,false],"2048x2048":["https:\/\/www.mamadouetbineta.org\/wp-content\/uploads\/2022\/10\/Mohamed-Camara.jpg",378,302,false],"homepage-thumb":["https:\/\/www.mamadouetbineta.org\/wp-content\/uploads\/2022\/10\/Mohamed-Camara-240x145.jpg",240,145,true]},"uagb_author_info":{"display_name":"mamadou","author_link":"https:\/\/www.mamadouetbineta.org\/fr\/author\/mamadou\/"},"uagb_comment_info":0,"uagb_excerpt":"Mohamed Camara, responsable centre d\u2018acceuil et atelier de couture Apr\u00e8s mes \u00e9tudes sup\u00e9rieures, Mamadou &amp; Bineta a \u00e9t\u00e9 la premi\u00e8re institution ou j\u2018ai commenc\u00e9 ma vie professionnelle en mati\u00e8re administrative (comptabilit\u00e9). Le travail dans cette institution m\u2019as permis d\u2019acqu\u00e9rir beaucoup d\u2018exp\u00e9rience sur la vie professionnelle, sur la notion de protection de l\u2018enfance et surtout sur\u2026","_links":{"self":[{"href":"https:\/\/www.mamadouetbineta.org\/fr\/wp-json\/wp\/v2\/posts\/2706","targetHints":{"allow":["GET"]}}],"collection":[{"href":"https:\/\/www.mamadouetbineta.org\/fr\/wp-json\/wp\/v2\/posts"}],"about":[{"href":"https:\/\/www.mamadouetbineta.org\/fr\/wp-json\/wp\/v2\/types\/post"}],"author":[{"embeddable":true,"href":"https:\/\/www.mamadouetbineta.org\/fr\/wp-json\/wp\/v2\/users\/1"}],"replies":[{"embeddable":true,"href":"https:\/\/www.mamadouetbineta.org\/fr\/wp-json\/wp\/v2\/comments?post=2706"}],"version-history":[{"count":20,"href":"https:\/\/www.mamadouetbineta.org\/fr\/wp-json\/wp\/v2\/posts\/2706\/revisions"}],"predecessor-version":[{"id":3605,"href":"https:\/\/www.mamadouetbineta.org\/fr\/wp-json\/wp\/v2\/posts\/2706\/revisions\/3605"}],"wp:featuredmedia":[{"embeddable":true,"href":"https:\/\/www.mamadouetbineta.org\/fr\/wp-json\/wp\/v2\/media\/2724"}],"wp:attachment":[{"href":"https:\/\/www.mamadouetbineta.org\/fr\/wp-json\/wp\/v2\/media?parent=2706"}],"wp:term":[{"taxonomy":"category","embeddable":true,"href":"https:\/\/www.mamadouetbineta.org\/fr\/wp-json\/wp\/v2\/categories?post=2706"},{"taxonomy":"post_tag","embeddable":true,"href":"https:\/\/www.mamadouetbineta.org\/fr\/wp-json\/wp\/v2\/tags?post=2706"}],"curies":[{"name":"wp","href":"https:\/\/api.w.org\/{rel}","templated":true}]}}