{"id":2590,"date":"2022-05-28T11:41:00","date_gmt":"2022-05-28T10:41:00","guid":{"rendered":"https:\/\/www.mamadouetbineta.org\/?p=2590"},"modified":"2022-12-15T10:57:47","modified_gmt":"2022-12-15T09:57:47","slug":"tenin-pourquoi-aimes-tu-travailler-pour-mamadou-et-bineta","status":"publish","type":"post","link":"https:\/\/www.mamadouetbineta.org\/fr\/2022\/05\/28\/tenin-pourquoi-aimes-tu-travailler-pour-mamadou-et-bineta\/","title":{"rendered":"Tenin, quelle est ta fonction chez Mamadou &#038; Bineta ?"},"content":{"rendered":"\n<p>Tenin Traor\u00e9, educatrice au centre d\u2019accueil<\/p>\n\n\n\n<p>Depuis que je travaille au sein de Mamadou &amp; Bineta, j\u2018ai acqu\u00e9ri beaucoup de connaissances, tel que la protection des enfants qui sont en situation de vuln\u00e9rabilit\u00e9. D\u2018\u00eatre proche de ces enfants et de passer du temps avec eux est une exp\u00e9rience incomparable. L\u2018effort que Mamadou &amp; Bineta fourni pour ces enfants repr\u00e9sente une aide inestimable. D\u00e9sormais, je souhaite qu\u2019on puisse \u00e9largir notre territoire d\u2019impact et soutenir d\u2019avantage d\u2019enfants vuln\u00e9rables.<\/p>\n\n\n\n<figure class=\"wp-block-image size-large\"><img loading=\"lazy\" decoding=\"async\" width=\"1024\" height=\"683\" src=\"https:\/\/www.mamadouetbineta.org\/wp-content\/uploads\/2022\/04\/IMG_2954-Collage-S14-1024x683.jpg\" alt=\"Tenin Traore\" class=\"wp-image-2591\" srcset=\"https:\/\/www.mamadouetbineta.org\/wp-content\/uploads\/2022\/04\/IMG_2954-Collage-S14-1024x683.jpg 1024w, https:\/\/www.mamadouetbineta.org\/wp-content\/uploads\/2022\/04\/IMG_2954-Collage-S14-300x200.jpg 300w, https:\/\/www.mamadouetbineta.org\/wp-content\/uploads\/2022\/04\/IMG_2954-Collage-S14-150x100.jpg 150w, https:\/\/www.mamadouetbineta.org\/wp-content\/uploads\/2022\/04\/IMG_2954-Collage-S14-768x512.jpg 768w, https:\/\/www.mamadouetbineta.org\/wp-content\/uploads\/2022\/04\/IMG_2954-Collage-S14-1536x1024.jpg 1536w, https:\/\/www.mamadouetbineta.org\/wp-content\/uploads\/2022\/04\/IMG_2954-Collage-S14-2048x1365.jpg 2048w\" sizes=\"auto, (max-width: 1024px) 100vw, 1024px\" \/><figcaption class=\"wp-element-caption\">Tenin Traore<\/figcaption><\/figure>\n","protected":false},"excerpt":{"rendered":"<p>Tenin Traor\u00e9, educatrice au centre d\u2019accueil Depuis que je travaille au sein de Mamadou &amp; Bineta, j\u2018ai acqu\u00e9ri beaucoup de connaissances, tel que la protection des enfants qui sont en situation de vuln\u00e9rabilit\u00e9. D\u2018\u00eatre proche de ces enfants et de passer du temps avec eux est une exp\u00e9rience incomparable. L\u2018effort que Mamadou &amp; Bineta fourni pour ces enfants repr\u00e9sente une aide inestimable. D\u00e9sormais, je souhaite qu\u2019on puisse \u00e9largir notre territoire d\u2019impact et soutenir d\u2019avantage d\u2019enfants vuln\u00e9rables.<\/p>\n","protected":false},"author":1,"featured_media":2596,"comment_status":"closed","ping_status":"closed","sticky":false,"template":"","format":"standard","meta":{"_uag_custom_page_level_css":"","ngg_post_thumbnail":0,"footnotes":""},"categories":[5],"tags":[],"class_list":["post-2590","post","type-post","status-publish","format-standard","has-post-thumbnail","hentry","category-neuigkeiten"],"translation":{"provider":"WPGlobus","version":"3.0.2","language":"fr","enabled_languages":["de","fr","en"],"languages":{"de":{"title":true,"content":true,"excerpt":false},"fr":{"title":true,"content":true,"excerpt":false},"en":{"title":true,"content":true,"excerpt":false}}},"uagb_featured_image_src":{"full":["https:\/\/www.mamadouetbineta.org\/wp-content\/uploads\/2022\/04\/Tenin-Traore.jpg",594,484,false],"thumbnail":["https:\/\/www.mamadouetbineta.org\/wp-content\/uploads\/2022\/04\/Tenin-Traore-150x100.jpg",150,100,true],"medium":["https:\/\/www.mamadouetbineta.org\/wp-content\/uploads\/2022\/04\/Tenin-Traore-300x244.jpg",300,244,true],"medium_large":["https:\/\/www.mamadouetbineta.org\/wp-content\/uploads\/2022\/04\/Tenin-Traore.jpg",594,484,false],"large":["https:\/\/www.mamadouetbineta.org\/wp-content\/uploads\/2022\/04\/Tenin-Traore.jpg",594,484,false],"1536x1536":["https:\/\/www.mamadouetbineta.org\/wp-content\/uploads\/2022\/04\/Tenin-Traore.jpg",594,484,false],"2048x2048":["https:\/\/www.mamadouetbineta.org\/wp-content\/uploads\/2022\/04\/Tenin-Traore.jpg",594,484,false],"homepage-thumb":["https:\/\/www.mamadouetbineta.org\/wp-content\/uploads\/2022\/04\/Tenin-Traore-240x145.jpg",240,145,true]},"uagb_author_info":{"display_name":"mamadou","author_link":"https:\/\/www.mamadouetbineta.org\/fr\/author\/mamadou\/"},"uagb_comment_info":0,"uagb_excerpt":"Tenin Traor\u00e9, educatrice au centre d\u2019accueil Depuis que je travaille au sein de Mamadou &amp; Bineta, j\u2018ai acqu\u00e9ri beaucoup de connaissances, tel que la protection des enfants qui sont en situation de vuln\u00e9rabilit\u00e9. D\u2018\u00eatre proche de ces enfants et de passer du temps avec eux est une exp\u00e9rience incomparable. L\u2018effort que Mamadou &amp; Bineta fourni\u2026","_links":{"self":[{"href":"https:\/\/www.mamadouetbineta.org\/fr\/wp-json\/wp\/v2\/posts\/2590","targetHints":{"allow":["GET"]}}],"collection":[{"href":"https:\/\/www.mamadouetbineta.org\/fr\/wp-json\/wp\/v2\/posts"}],"about":[{"href":"https:\/\/www.mamadouetbineta.org\/fr\/wp-json\/wp\/v2\/types\/post"}],"author":[{"embeddable":true,"href":"https:\/\/www.mamadouetbineta.org\/fr\/wp-json\/wp\/v2\/users\/1"}],"replies":[{"embeddable":true,"href":"https:\/\/www.mamadouetbineta.org\/fr\/wp-json\/wp\/v2\/comments?post=2590"}],"version-history":[{"count":13,"href":"https:\/\/www.mamadouetbineta.org\/fr\/wp-json\/wp\/v2\/posts\/2590\/revisions"}],"predecessor-version":[{"id":3594,"href":"https:\/\/www.mamadouetbineta.org\/fr\/wp-json\/wp\/v2\/posts\/2590\/revisions\/3594"}],"wp:featuredmedia":[{"embeddable":true,"href":"https:\/\/www.mamadouetbineta.org\/fr\/wp-json\/wp\/v2\/media\/2596"}],"wp:attachment":[{"href":"https:\/\/www.mamadouetbineta.org\/fr\/wp-json\/wp\/v2\/media?parent=2590"}],"wp:term":[{"taxonomy":"category","embeddable":true,"href":"https:\/\/www.mamadouetbineta.org\/fr\/wp-json\/wp\/v2\/categories?post=2590"},{"taxonomy":"post_tag","embeddable":true,"href":"https:\/\/www.mamadouetbineta.org\/fr\/wp-json\/wp\/v2\/tags?post=2590"}],"curies":[{"name":"wp","href":"https:\/\/api.w.org\/{rel}","templated":true}]}}